{"id":5523,"date":"2023-12-08T00:00:13","date_gmt":"2023-12-08T03:00:13","guid":{"rendered":"https:\/\/crtpublicidade.com.br\/cbs\/?p=5523"},"modified":"2023-12-18T16:25:38","modified_gmt":"2023-12-18T19:25:38","slug":"cbs-previdencia-eleicoes-2023-resultado","status":"publish","type":"post","link":"https:\/\/crtpublicidade.com.br\/cbs\/cbs-previdencia-eleicoes-2023-resultado\/","title":{"rendered":"CBS Previd\u00eancia: Elei\u00e7\u00f5es 2023 &#8211; Resultado"},"content":{"rendered":"<p>Conforme Edital de Convoca\u00e7\u00e3o de 06\/09\/2023, o processo eleitoral foi realizado em 07\/12\/2023 e teve como vencedora a Chapa 02, tanto para o Conselho Deliberativo quanto para o Conselho Fiscal.<\/p>\n<p>Confira a composi\u00e7\u00e3o dos conselhos no Informativo CBS Previd\u00eancia n\u00ba 223, de 08 de dezembro de 2023, dispon\u00edvel no item \u201cPublica\u00e7\u00f5es\u201d e no link a seguir:<\/p>\n<p><strong><a href=\"https:\/\/crtpublicidade.com.br\/cbs\/wp-content\/uploads\/2023\/12\/DB03621015D238E2DDE65E6A07339D8F-1.pdf\">Informativo n\u00ba 223 \u2013 Elei\u00e7\u00f5es 2023 \u2013 Resultado<\/a><\/strong><\/p>\n<p>Em caso de d\u00favidas ou para mais informa\u00e7\u00f5es, escreva para o e-mail <a href=\"mailto:eleicao@cbsprev.com.br\">eleicao@cbsprev.com.br<\/a> ou ligue para (11) 5033-4617.<\/p>\n","protected":false},"excerpt":{"rendered":"<p>Conforme Edital de Convoca\u00e7\u00e3o de 06\/09\/2023, o processo eleitoral foi realizado em 07\/12\/2023 e teve como vencedora a Chapa 02, tanto para o Conselho Deliberativo quanto para o Conselho Fiscal. Confira a composi\u00e7\u00e3o dos conselhos no Informativo CBS Previd\u00eancia n\u00ba 223, de 08 de dezembro de 2023, dispon\u00edvel no item \u201cPublica\u00e7\u00f5es\u201d e no link a [&hellip;]<\/p>\n","protected":false},"author":1,"featured_media":0,"comment_status":"open","ping_status":"open","sticky":false,"template":"","format":"standard","meta":{"footnotes":""},"categories":[6],"tags":[],"acf":[],"_links":{"self":[{"href":"https:\/\/crtpublicidade.com.br\/cbs\/wp-json\/wp\/v2\/posts\/5523"}],"collection":[{"href":"https:\/\/crtpublicidade.com.br\/cbs\/wp-json\/wp\/v2\/posts"}],"about":[{"href":"https:\/\/crtpublicidade.com.br\/cbs\/wp-json\/wp\/v2\/types\/post"}],"author":[{"embeddable":true,"href":"https:\/\/crtpublicidade.com.br\/cbs\/wp-json\/wp\/v2\/users\/1"}],"replies":[{"embeddable":true,"href":"https:\/\/crtpublicidade.com.br\/cbs\/wp-json\/wp\/v2\/comments?post=5523"}],"version-history":[{"count":2,"href":"https:\/\/crtpublicidade.com.br\/cbs\/wp-json\/wp\/v2\/posts\/5523\/revisions"}],"predecessor-version":[{"id":5525,"href":"https:\/\/crtpublicidade.com.br\/cbs\/wp-json\/wp\/v2\/posts\/5523\/revisions\/5525"}],"wp:attachment":[{"href":"https:\/\/crtpublicidade.com.br\/cbs\/wp-json\/wp\/v2\/media?parent=5523"}],"wp:term":[{"taxonomy":"category","embeddable":true,"href":"https:\/\/crtpublicidade.com.br\/cbs\/wp-json\/wp\/v2\/categories?post=5523"},{"taxonomy":"post_tag","embeddable":true,"href":"https:\/\/crtpublicidade.com.br\/cbs\/wp-json\/wp\/v2\/tags?post=5523"}],"curies":[{"name":"wp","href":"https:\/\/api.w.org\/{rel}","templated":true}]}}