{"id":5518,"date":"2023-12-05T00:00:58","date_gmt":"2023-12-05T03:00:58","guid":{"rendered":"https:\/\/crtpublicidade.com.br\/cbs\/?p=5518"},"modified":"2023-12-18T16:24:08","modified_gmt":"2023-12-18T19:24:08","slug":"cbs-previdencia-recebe-certificado-de-empresa-cidada-6","status":"publish","type":"post","link":"https:\/\/crtpublicidade.com.br\/cbs\/cbs-previdencia-recebe-certificado-de-empresa-cidada-6\/","title":{"rendered":"CBS Previd\u00eancia recebe certificado de Empresa Cidad\u00e3"},"content":{"rendered":"<p>A CBS Previd\u00eancia foi contemplada com o certificado de Empresa Cidad\u00e3 pelo seu Relat\u00f3rio Social 2022.<\/p>\n<p>A iniciativa, organizada pelo Conselho Regional de Contabilidade do Estado do Rio de Janeiro, tem o objetivo de premiar a qualidade das informa\u00e7\u00f5es cont\u00e1beis e socioambientais publicadas nos relat\u00f3rios anuais de organiza\u00e7\u00f5es de todos os portes, segmentos e regi\u00f5es do Brasil.<\/p>\n<p>Essa \u00e9 a 10\u00aa vez que a CBS Previd\u00eancia \u00e9 contemplada com o certificado de Empresa Cidad\u00e3.<\/p>\n<p><a href=\"https:\/\/crtpublicidade.com.br\/cbs\/wp-content\/uploads\/2023\/12\/ra-2022-completo.pdf\">Clique aqui<\/a> para rever o nosso Relat\u00f3rio Social 2022.<\/p>\n","protected":false},"excerpt":{"rendered":"<p>A CBS Previd\u00eancia foi contemplada com o certificado de Empresa Cidad\u00e3 pelo seu Relat\u00f3rio Social 2022. A iniciativa, organizada pelo Conselho Regional de Contabilidade do Estado do Rio de Janeiro, tem o objetivo de premiar a qualidade das informa\u00e7\u00f5es cont\u00e1beis e socioambientais publicadas nos relat\u00f3rios anuais de organiza\u00e7\u00f5es de todos os portes, segmentos e regi\u00f5es [&hellip;]<\/p>\n","protected":false},"author":1,"featured_media":0,"comment_status":"open","ping_status":"open","sticky":false,"template":"","format":"standard","meta":{"footnotes":""},"categories":[11],"tags":[],"acf":[],"_links":{"self":[{"href":"https:\/\/crtpublicidade.com.br\/cbs\/wp-json\/wp\/v2\/posts\/5518"}],"collection":[{"href":"https:\/\/crtpublicidade.com.br\/cbs\/wp-json\/wp\/v2\/posts"}],"about":[{"href":"https:\/\/crtpublicidade.com.br\/cbs\/wp-json\/wp\/v2\/types\/post"}],"author":[{"embeddable":true,"href":"https:\/\/crtpublicidade.com.br\/cbs\/wp-json\/wp\/v2\/users\/1"}],"replies":[{"embeddable":true,"href":"https:\/\/crtpublicidade.com.br\/cbs\/wp-json\/wp\/v2\/comments?post=5518"}],"version-history":[{"count":1,"href":"https:\/\/crtpublicidade.com.br\/cbs\/wp-json\/wp\/v2\/posts\/5518\/revisions"}],"predecessor-version":[{"id":5522,"href":"https:\/\/crtpublicidade.com.br\/cbs\/wp-json\/wp\/v2\/posts\/5518\/revisions\/5522"}],"wp:attachment":[{"href":"https:\/\/crtpublicidade.com.br\/cbs\/wp-json\/wp\/v2\/media?parent=5518"}],"wp:term":[{"taxonomy":"category","embeddable":true,"href":"https:\/\/crtpublicidade.com.br\/cbs\/wp-json\/wp\/v2\/categories?post=5518"},{"taxonomy":"post_tag","embeddable":true,"href":"https:\/\/crtpublicidade.com.br\/cbs\/wp-json\/wp\/v2\/tags?post=5518"}],"curies":[{"name":"wp","href":"https:\/\/api.w.org\/{rel}","templated":true}]}}