{"id":5516,"date":"2023-12-04T00:00:32","date_gmt":"2023-12-04T03:00:32","guid":{"rendered":"https:\/\/crtpublicidade.com.br\/cbs\/?p=5516"},"modified":"2023-12-18T16:26:04","modified_gmt":"2023-12-18T19:26:04","slug":"eleicoes-2023-informacoes-importantes","status":"publish","type":"post","link":"https:\/\/crtpublicidade.com.br\/cbs\/eleicoes-2023-informacoes-importantes\/","title":{"rendered":"Elei\u00e7\u00f5es 2023 \u2013 Informa\u00e7\u00f5es importantes"},"content":{"rendered":"<p>No dia 07 de dezembro de 2023, das 8h30 \u00e0s 18h, ser\u00e1 realizada a elei\u00e7\u00e3o de membros para os conselhos Deliberativo e Fiscal da CBS Previd\u00eancia.<\/p>\n<p>Confira mais informa\u00e7\u00f5es sobre o processo no Informativo CBS Previd\u00eancia n\u00ba 222, de 04 de dezembro de 2023, e participe. O informativo est\u00e1 dispon\u00edvel no item \u201cPublica\u00e7\u00f5es\u201d e no link a seguir:<\/p>\n<p><strong><a href=\"https:\/\/crtpublicidade.com.br\/cbs\/wp-content\/uploads\/2023\/12\/B752DF39C07FBE03600489A21A6A7A61-1.pdf\">Informativo n\u00ba 222 \u2013 Elei\u00e7\u00f5es 2023 \u2013 Informa\u00e7\u00f5es importantes<\/a><\/strong><\/p>\n<p>Em caso de d\u00favidas ou para mais informa\u00e7\u00f5es, escreva <strong>exclusivamente<\/strong> para o e-mail <a href=\"mailto:eleicao@cbsprev.com.br\">eleicao@cbsprev.com.br<\/a> ou ligue para (11) 5033-4617.<\/p>\n","protected":false},"excerpt":{"rendered":"<p>No dia 07 de dezembro de 2023, das 8h30 \u00e0s 18h, ser\u00e1 realizada a elei\u00e7\u00e3o de membros para os conselhos Deliberativo e Fiscal da CBS Previd\u00eancia. Confira mais informa\u00e7\u00f5es sobre o processo no Informativo CBS Previd\u00eancia n\u00ba 222, de 04 de dezembro de 2023, e participe. O informativo est\u00e1 dispon\u00edvel no item \u201cPublica\u00e7\u00f5es\u201d e no [&hellip;]<\/p>\n","protected":false},"author":1,"featured_media":0,"comment_status":"open","ping_status":"open","sticky":false,"template":"","format":"standard","meta":{"footnotes":""},"categories":[6],"tags":[],"acf":[],"_links":{"self":[{"href":"https:\/\/crtpublicidade.com.br\/cbs\/wp-json\/wp\/v2\/posts\/5516"}],"collection":[{"href":"https:\/\/crtpublicidade.com.br\/cbs\/wp-json\/wp\/v2\/posts"}],"about":[{"href":"https:\/\/crtpublicidade.com.br\/cbs\/wp-json\/wp\/v2\/types\/post"}],"author":[{"embeddable":true,"href":"https:\/\/crtpublicidade.com.br\/cbs\/wp-json\/wp\/v2\/users\/1"}],"replies":[{"embeddable":true,"href":"https:\/\/crtpublicidade.com.br\/cbs\/wp-json\/wp\/v2\/comments?post=5516"}],"version-history":[{"count":1,"href":"https:\/\/crtpublicidade.com.br\/cbs\/wp-json\/wp\/v2\/posts\/5516\/revisions"}],"predecessor-version":[{"id":5517,"href":"https:\/\/crtpublicidade.com.br\/cbs\/wp-json\/wp\/v2\/posts\/5516\/revisions\/5517"}],"wp:attachment":[{"href":"https:\/\/crtpublicidade.com.br\/cbs\/wp-json\/wp\/v2\/media?parent=5516"}],"wp:term":[{"taxonomy":"category","embeddable":true,"href":"https:\/\/crtpublicidade.com.br\/cbs\/wp-json\/wp\/v2\/categories?post=5516"},{"taxonomy":"post_tag","embeddable":true,"href":"https:\/\/crtpublicidade.com.br\/cbs\/wp-json\/wp\/v2\/tags?post=5516"}],"curies":[{"name":"wp","href":"https:\/\/api.w.org\/{rel}","templated":true}]}}