{"id":5508,"date":"2023-11-06T00:00:51","date_gmt":"2023-11-06T03:00:51","guid":{"rendered":"https:\/\/crtpublicidade.com.br\/cbs\/?p=5508"},"modified":"2023-12-18T16:27:45","modified_gmt":"2023-12-18T19:27:45","slug":"eleicoes-2023-composicao-das-chapas","status":"publish","type":"post","link":"https:\/\/crtpublicidade.com.br\/cbs\/eleicoes-2023-composicao-das-chapas\/","title":{"rendered":"Elei\u00e7\u00f5es 2023 \u2013 Composi\u00e7\u00e3o das Chapas"},"content":{"rendered":"<p>A CBS Previd\u00eancia informa que est\u00e1 dispon\u00edvel no Informativo CBS Previd\u00eancia n\u00ba 221, de 06 de novembro de 2023, a composi\u00e7\u00e3o das chapas inscritas para a <strong>elei\u00e7\u00e3o de membros para os conselhos Deliberativo e Fiscal<\/strong> da entidade, que ser\u00e1 realizada no dia 07 de dezembro de 2023, das 8h30 \u00e0s 18h.<\/p>\n<p>Para conferir a composi\u00e7\u00e3o de cada uma das chapas, consulte o informativo, dispon\u00edvel no item \u201cPublica\u00e7\u00f5es\u201d e no link a seguir:<\/p>\n<p><strong><a href=\"https:\/\/crtpublicidade.com.br\/cbs\/wp-content\/uploads\/2023\/12\/A9365A8F44EBCF3B515149A7FE202F76-1.pdf\">Informativo n\u00ba 221 \u2013 Elei\u00e7\u00f5es 2023 \u2013 Composi\u00e7\u00e3o das Chapas<\/a><\/strong><\/p>\n<p>Em caso de d\u00favidas ou para mais informa\u00e7\u00f5es, escreva <strong>exclusivamente<\/strong> para o e-mail <a href=\"mailto:eleicao@cbsprev.com.br\">eleicao@cbsprev.com.br<\/a> ou ligue para (11) 5033-4617.<\/p>\n<p>Exemplares impressos desse informativo est\u00e3o dispon\u00edveis nas filiais da CBS e tamb\u00e9m podem ser solicitados pelos canais citados acima.<\/p>\n","protected":false},"excerpt":{"rendered":"<p>A CBS Previd\u00eancia informa que est\u00e1 dispon\u00edvel no Informativo CBS Previd\u00eancia n\u00ba 221, de 06 de novembro de 2023, a composi\u00e7\u00e3o das chapas inscritas para a elei\u00e7\u00e3o de membros para os conselhos Deliberativo e Fiscal da entidade, que ser\u00e1 realizada no dia 07 de dezembro de 2023, das 8h30 \u00e0s 18h. Para conferir a composi\u00e7\u00e3o [&hellip;]<\/p>\n","protected":false},"author":1,"featured_media":0,"comment_status":"open","ping_status":"open","sticky":false,"template":"","format":"standard","meta":{"footnotes":""},"categories":[6],"tags":[],"acf":[],"_links":{"self":[{"href":"https:\/\/crtpublicidade.com.br\/cbs\/wp-json\/wp\/v2\/posts\/5508"}],"collection":[{"href":"https:\/\/crtpublicidade.com.br\/cbs\/wp-json\/wp\/v2\/posts"}],"about":[{"href":"https:\/\/crtpublicidade.com.br\/cbs\/wp-json\/wp\/v2\/types\/post"}],"author":[{"embeddable":true,"href":"https:\/\/crtpublicidade.com.br\/cbs\/wp-json\/wp\/v2\/users\/1"}],"replies":[{"embeddable":true,"href":"https:\/\/crtpublicidade.com.br\/cbs\/wp-json\/wp\/v2\/comments?post=5508"}],"version-history":[{"count":2,"href":"https:\/\/crtpublicidade.com.br\/cbs\/wp-json\/wp\/v2\/posts\/5508\/revisions"}],"predecessor-version":[{"id":5527,"href":"https:\/\/crtpublicidade.com.br\/cbs\/wp-json\/wp\/v2\/posts\/5508\/revisions\/5527"}],"wp:attachment":[{"href":"https:\/\/crtpublicidade.com.br\/cbs\/wp-json\/wp\/v2\/media?parent=5508"}],"wp:term":[{"taxonomy":"category","embeddable":true,"href":"https:\/\/crtpublicidade.com.br\/cbs\/wp-json\/wp\/v2\/categories?post=5508"},{"taxonomy":"post_tag","embeddable":true,"href":"https:\/\/crtpublicidade.com.br\/cbs\/wp-json\/wp\/v2\/tags?post=5508"}],"curies":[{"name":"wp","href":"https:\/\/api.w.org\/{rel}","templated":true}]}}