{"id":145,"date":"2023-09-06T00:00:00","date_gmt":"2023-09-06T03:00:00","guid":{"rendered":"https:\/\/crtpublicidade.com.br\/cbs\/edital-de-convocacao-para-eleicao-de-membros-para-os-conselhos-deliberativo-e-fiscal-eleicoes-2023\/"},"modified":"2023-12-15T20:53:13","modified_gmt":"2023-12-15T23:53:13","slug":"edital-de-convocacao-para-eleicao-de-membros-para-os-conselhos-deliberativo-e-fiscal-eleicoes-2023","status":"publish","type":"post","link":"https:\/\/crtpublicidade.com.br\/cbs\/edital-de-convocacao-para-eleicao-de-membros-para-os-conselhos-deliberativo-e-fiscal-eleicoes-2023\/","title":{"rendered":"Edital de Convoca\u00e7\u00e3o para elei\u00e7\u00e3o de membros para os Conselhos Deliberativo e Fiscal &#8211; Elei\u00e7\u00f5es 2023"},"content":{"rendered":"<p>A CBS Previd\u00eancia informa que est\u00e1 dispon\u00edvel o Edital de Convoca\u00e7\u00e3o para a <strong>elei\u00e7\u00e3o de membros para os conselhos Deliberativo e Fiscal <\/strong>da entidade, que ser\u00e1 realizada no dia<strong> 07\/12\/2023, das 8h30 \u00e0s 18h<\/strong>.<\/p>\n<p>Nesse processo ser\u00e3o eleitos:<\/p>\n<p>&#8211; 4 (quatro) membros efetivos e 4 (quatro) suplentes para o Conselho Deliberativo, com mandato para o per\u00edodo de 01\/04\/2024 a 31\/03\/2028;<\/p>\n<p>&#8211; 1 (um) membro efetivo e 1 (um) suplente para o Conselho Fiscal, com mandato para o per\u00edodo de 01\/04\/2024 a 31\/03\/2028.<\/p>\n<p>As<strong> inscri\u00e7\u00f5es das chapas<\/strong> que desejarem concorrer \u00e0s vagas podem ser feitas at\u00e9 o dia <strong>18\/10\/2023, \u00e0s 17h<\/strong>, na sede da CBS Previd\u00eancia em S\u00e3o Paulo ou na filial em Volta Redonda.<\/p>\n<p>A seguir, est\u00e3o dispon\u00edveis todas as informa\u00e7\u00f5es sobre o processo eleitoral e os documentos necess\u00e1rios para a inscri\u00e7\u00e3o de chapas:<\/p>\n<p>&#8211; <a href=\"https:\/\/www.cbsprev.com.br\/conteudo\/publicacoes\/arquivos\/51510B97A03EA76FAB488AC08A75FA84.pdf\">Edital de Convoca\u00e7\u00e3o<\/a><\/p>\n<p>&#8211; <a href=\"https:\/\/www.cbsprev.com.br\/conteudo\/publicacoes\/arquivos\/4B09568F6BD5FC2B5DA35ED321DD501B.pdf\">Regulamento Eleitoral<\/a><\/p>\n<p>&#8211; <a href=\"https:\/\/view.officeapps.live.com\/op\/view.aspx?src=https%3A%2F%2Fwww.cbsprev.com.br%2Fconteudo%2Fpublicacoes%2Farquivos%2F751298AF8E165E98E41E3B93E5DD6C3D.docx&amp;wdOrigin=BROWSELINK\">Requerimento de inscri\u00e7\u00e3o de chapa para o Conselho Deliberativo<\/a><\/p>\n<p>&#8211; <a href=\"https:\/\/view.officeapps.live.com\/op\/view.aspx?src=https%3A%2F%2Fwww.cbsprev.com.br%2Fconteudo%2Fpublicacoes%2Farquivos%2F44EC9695800EAF3CC8A79FD5ED71D1DB.docx&amp;wdOrigin=BROWSELINK\">Requerimento de inscri\u00e7\u00e3o de chapa para o Conselho Fiscal<\/a><\/p>\n<p>&#8211; <a href=\"https:\/\/view.officeapps.live.com\/op\/view.aspx?src=https%3A%2F%2Fwww.cbsprev.com.br%2Fconteudo%2Fpublicacoes%2Farquivos%2FDC215252A756AE4500AA7F264BD9431E.doc&amp;wdOrigin=BROWSELINK\">Ficha cadastral para candidatos<\/a><\/p>\n<p>&#8211; <a href=\"https:\/\/view.officeapps.live.com\/op\/view.aspx?src=https%3A%2F%2Fwww.cbsprev.com.br%2Fconteudo%2Fpublicacoes%2Farquivos%2FB5483543E9E469EE846CD4FFF77229F4.docx&amp;wdOrigin=BROWSELINK\">Modelo de procura\u00e7\u00e3o<\/a><\/p>\n<p>Em caso de d\u00favidas ou para mais informa\u00e7\u00f5es, escreva<strong> exclusivamente <\/strong>para o e-mail <strong>eleicao@cbsprev.com.br<\/strong> ou ligue para <strong>(11) 5033-4617<\/strong>. Exemplares impressos do Edital de Convoca\u00e7\u00e3o est\u00e3o dispon\u00edveis nos locais onde haver\u00e1 vota\u00e7\u00e3o presencial e tamb\u00e9m podem ser solicitados pelos canais citados acima.<\/p>\n","protected":false},"excerpt":{"rendered":"<p>A CBS Previd\u00eancia informa que est\u00e1 dispon\u00edvel o Edital de Convoca\u00e7\u00e3o para a elei\u00e7\u00e3o de membros para os conselhos Deliberativo e Fiscal da entidade, que ser\u00e1 realizada no dia 07\/12\/2023, das 8h30 \u00e0s 18h. Nesse processo ser\u00e3o eleitos: &#8211; 4 (quatro) membros efetivos e 4 (quatro) suplentes para o Conselho Deliberativo, com mandato para o [&hellip;]<\/p>\n","protected":false},"author":1,"featured_media":0,"comment_status":"open","ping_status":"open","sticky":false,"template":"","format":"standard","meta":{"footnotes":""},"categories":[6],"tags":[],"acf":[],"_links":{"self":[{"href":"https:\/\/crtpublicidade.com.br\/cbs\/wp-json\/wp\/v2\/posts\/145"}],"collection":[{"href":"https:\/\/crtpublicidade.com.br\/cbs\/wp-json\/wp\/v2\/posts"}],"about":[{"href":"https:\/\/crtpublicidade.com.br\/cbs\/wp-json\/wp\/v2\/types\/post"}],"author":[{"embeddable":true,"href":"https:\/\/crtpublicidade.com.br\/cbs\/wp-json\/wp\/v2\/users\/1"}],"replies":[{"embeddable":true,"href":"https:\/\/crtpublicidade.com.br\/cbs\/wp-json\/wp\/v2\/comments?post=145"}],"version-history":[{"count":1,"href":"https:\/\/crtpublicidade.com.br\/cbs\/wp-json\/wp\/v2\/posts\/145\/revisions"}],"predecessor-version":[{"id":1242,"href":"https:\/\/crtpublicidade.com.br\/cbs\/wp-json\/wp\/v2\/posts\/145\/revisions\/1242"}],"wp:attachment":[{"href":"https:\/\/crtpublicidade.com.br\/cbs\/wp-json\/wp\/v2\/media?parent=145"}],"wp:term":[{"taxonomy":"category","embeddable":true,"href":"https:\/\/crtpublicidade.com.br\/cbs\/wp-json\/wp\/v2\/categories?post=145"},{"taxonomy":"post_tag","embeddable":true,"href":"https:\/\/crtpublicidade.com.br\/cbs\/wp-json\/wp\/v2\/tags?post=145"}],"curies":[{"name":"wp","href":"https:\/\/api.w.org\/{rel}","templated":true}]}}